{"id":2373,"date":"2019-07-03T08:56:59","date_gmt":"2019-07-03T06:56:59","guid":{"rendered":"http:\/\/nspbr.sk\/web\/?p=2373"},"modified":"2019-07-03T10:57:01","modified_gmt":"2019-07-03T08:57:01","slug":"interne-oddelenie","status":"publish","type":"post","link":"https:\/\/www.nspbr.sk\/web\/interne-oddelenie\/","title":{"rendered":"Intern\u00e9 oddelenie"},"content":{"rendered":"\n<p>\u010cl\u00e1nok zverejnen\u00fd v<a href=\"http:\/\/nspbr.sk\/web\/wp-content\/uploads\/2019\/06\/SSBR_0507_004.pdf\"> novin\u00e1ch My Horehronie 7.5.2019 <\/a>a  <a href=\"http:\/\/nspbr.sk\/web\/wp-content\/uploads\/2019\/06\/SSBR_0514_004.pdf\">My Horehronie 14.5.2019<\/a>.  Autor: MONIKA DOL\u0147ANOV\u00c1. Foto: Luk\u00e1\u0161 P\u0161en\u010d\u00edk a arch\u00edv NsPBR.    <a href=\"https:\/\/nspbr.sk\/web\/lozkove-oddelenia\/interne-oddelenie\/\">Str\u00e1nka intern\u00e9ho oddelenie je tu.<\/a><\/p>\n\n\n\n<p>Ve\u013ek\u00e1 \u010das\u0165 hospitalizovan\u00fdch pacientov na internom oddelen\u00ed m\u00e1 onkologick\u00e9 ochorenie.<\/p>\n\n\n\n<p>Mil\u00ed \u010ditatelia, prin\u00e1\u0161ame v\u00e1m s\u00e9riu \u010dl\u00e1nkov, v ktor\u00fdch postupne predstavujeme  jednotliv\u00e9 oddelenia Nemocnice s poliklinikou  v Brezne. Pokra\u010dujeme intern\u00fdm oddelen\u00edm, kde  vlani hospitalizovali takmer 2000 pacientov a na JISke viac ako 300. Vzh\u013eadom na po\u010det l\u00f4\u017eok hospitaliz\u00e1cia jedn\u00e9ho pacienta trv\u00e1 priemerne len 5 \u2013 6 dn\u00ed.<\/p>\n\n\n\n<p>BREZNO. <strong>Intern\u00e9 oddelenie zabezpe\u010duje komplexn\u00fa 24- hodinov\u00fa starostlivos\u0165, ktor\u00e1 zah\u0155\u0148a starostlivos\u0165 o pacientov s intern\u00fdmi diagn\u00f3zami, resp. diagn\u00f3zami spadaj\u00facimi do odboru vn\u00fatorn\u00e9 lek\u00e1rstvo.<\/strong><\/p>\n\n\n\n<figure class=\"wp-block-image\"><img loading=\"lazy\" decoding=\"async\" width=\"1024\" height=\"683\" src=\"http:\/\/nspbr.sk\/web\/wp-content\/uploads\/2019\/05\/P1100087-1024x683.jpg\" alt=\"\" class=\"wp-image-2232\" srcset=\"https:\/\/www.nspbr.sk\/web\/wp-content\/uploads\/2019\/05\/P1100087-1024x683.jpg 1024w, https:\/\/www.nspbr.sk\/web\/wp-content\/uploads\/2019\/05\/P1100087-300x200.jpg 300w, https:\/\/www.nspbr.sk\/web\/wp-content\/uploads\/2019\/05\/P1100087-768x512.jpg 768w, https:\/\/www.nspbr.sk\/web\/wp-content\/uploads\/2019\/05\/P1100087-1200x800.jpg 1200w\" sizes=\"auto, (max-width: 1024px) 100vw, 1024px\" \/><\/figure>\n\n\n\n<p>Narast\u00e1 po\u010det pacientov priv\u00e1\u017ean\u00fdch pod vplyvom alkoholu.<br>Intern\u00e1 medic\u00edna zah\u0155\u0148a mno\u017estvo subodborov (vr\u00e1tane kardiol\u00f3gie, pneumol\u00f3gie, gastroenterol\u00f3gie, hematol\u00f3gie, reumatol\u00f3gie, nefrol\u00f3gie, endokrinol\u00f3gie a diabetol\u00f3gie), a preto je pr\u00e1vom naz\u00fdvan\u00e1 ako kr\u00e1\u013eovn\u00e1 medic\u00edny. Pod\u013ea slov prim\u00e1rky intern\u00e9ho oddelenia Em\u00edlie Zlevskej, v podmienkach breznianskej nemocnice a celkovo okresu, na tomto oddelen\u00ed hospitalizuj\u00fa aj pacientov z in\u00fdch odborov, preto\u017ee nie je k dispoz\u00edcii l\u00f4\u017ekov\u00e9 kr\u010dn\u00e9, infek\u010dn\u00e9 \u010di ko\u017en\u00e9 oddelenie. \u201eVe\u013ek\u00e1 \u010das\u0165 hospitalizovan\u00fdch pacientov m\u00e1 onkologick\u00e9 ochorenie. V poslednom obdob\u00ed zaznamen\u00e1vame v\u00fdrazn\u00fd n\u00e1rast pacientov priv\u00e1\u017ean\u00fdch z\u00e1chrankou s psychick\u00fdmi \u0165a\u017ekos\u0165ami a ke\u010f\u017ee psychiatrick\u00e9 oddelenie je a\u017e v Banskej Bystrici, aspo\u0148 na prechodn\u00fd \u010das s\u00fa u n\u00e1s. So znepokojen\u00edm sledujeme n\u00e1rast po\u010dtu pacientov priv\u00e1\u017ean\u00fdch pod vplyvom alkoholu a in\u00fdch omamn\u00fdch l\u00e1tok.\u201c <\/p>\n\n\n\n<p>\u010castou diagn\u00f3zou, s ktorou ka\u017ed\u00fd de\u0148 pracuj\u00fa, je fibrila\u010dn\u00e1 arytmia Rozmanitos\u0165 v r\u00e1mci lie\u010dby intern\u00fdch pacientov je ve\u013emi ve\u013ek\u00e1. \u201eOdbor vn\u00fatorn\u00e9 lek\u00e1rstvo je \u0161irokospektr\u00e1lny. V r\u00e1mci kardiol\u00f3gie hospitalizujeme pacientov s podozren\u00edm na ak\u00fatny koron\u00e1rny syndr\u00f3m \u2013 inak srdcov\u00fd in-farkt, s ischemickou chorobou srdca a chronick\u00fdm srdcov\u00fdm zlyh\u00e1van\u00edm, pacientov s podozren\u00edm na myokardit\u00eddu, \u010di\u017ee z\u00e1pal srdcov\u00e9ho svalu, s arteri\u00e1lnou hypertenziou, \u010di\u017ee vysok\u00fdm krvn\u00fdm tlakom. \u010castou diagn\u00f3zou, s ktorou ka\u017ed\u00fd de\u0148 pracujeme, je fibrila\u010dn\u00e1 arytmia, ktor\u00e1 je z\u00e1va\u017en\u00fdm rizikov\u00fdm faktorom pre vznik mozgovej pr\u00edhody. V r\u00e1mci odboru pneumol\u00f3gia, \u010di\u017ee p\u013e\u00facne lek\u00e1rstvo, s\u00fa u n\u00e1s hospitalizovan\u00ed pacienti so z\u00e1palmi p\u013e\u00fac, priedu\u0161kovou astmou, chronickou ob\u0161truk\u010dnou chorobou p\u013e\u00fac,\u201c uviedla prim\u00e1rka Zlevsk\u00e1. Spomenula aj \u010fal\u0161ie diagn\u00f3zy, a to ak\u00fatne z\u00e1paly pa\u017eer\u00e1ka, \u017eal\u00fadka, \u017eal\u00fado\u010dn\u00e9 a dvan\u00e1stnikov\u00e9 vredy, krv\u00e1cania zo za\u017e\u00edvacieho traktu, ochorenia \u010driev, pe\u010dene, pod\u017eal\u00fadkovej \u017e\u013eazy.<\/p>\n\n\n\n<figure class=\"wp-block-image\"><img loading=\"lazy\" decoding=\"async\" width=\"1024\" height=\"683\" src=\"http:\/\/nspbr.sk\/web\/wp-content\/uploads\/2019\/05\/P1100092-1024x683.jpg\" alt=\"\" class=\"wp-image-2234\" srcset=\"https:\/\/www.nspbr.sk\/web\/wp-content\/uploads\/2019\/05\/P1100092-1024x683.jpg 1024w, https:\/\/www.nspbr.sk\/web\/wp-content\/uploads\/2019\/05\/P1100092-300x200.jpg 300w, https:\/\/www.nspbr.sk\/web\/wp-content\/uploads\/2019\/05\/P1100092-768x512.jpg 768w, https:\/\/www.nspbr.sk\/web\/wp-content\/uploads\/2019\/05\/P1100092-1200x800.jpg 1200w\" sizes=\"auto, (max-width: 1024px) 100vw, 1024px\" \/><\/figure>\n\n\n\n<p>Neoddelite\u013enou s\u00fa\u010das\u0165ou je starostlivos\u0165 o pacientov s cukrovkou \u010castou diagn\u00f3zou v r\u00e1mci hematol\u00f3gie s\u00fa pod\u013ea Em\u00edlie Zlevskej an\u00e9mie, resp. chudokrvnos\u0165. \u201eV na\u0161ej kompetencii lie\u010dby s\u00fa aj pacienti spadaj\u00faci do odboru nefrol\u00f3gia, \u010di\u017ee problematika obli\u010diek a vn\u00fatorn\u00e9ho prostredia organizmu, ako s\u00fa z\u00e1palov\u00e9 ochorenia obli\u010diek, dehydrat\u00e1cie, komplik\u00e1cie chronick\u00fdch ochoren\u00ed s dopadom na obli\u010dky.\u201c Neoddelite\u013enou s\u00fa\u010das\u0165ou internej medic\u00edny je starostlivos\u0165 o pacientov s cukrovkou, ktor\u00ed prich\u00e1dzaj\u00fa v r\u00e1mci zhor\u0161enia samotnej cukrovky, alebo so z\u00e1va\u017en\u00fdmi komplik\u00e1ciami cukrovky. \u201e\u010ealej s\u00fa to pacienti s ochoreniami endokrinn\u00fdch \u017eliaz, \u010di\u017ee ochoreniami \u0161t\u00edtnej \u017e\u013eazy, nadobli\u010diek, at\u010f.\u201c <\/p>\n\n\n\n<p>Vlani hospitalizovali takmer 2000 pacientov Za rok 2018 na oddelen\u00ed hospitalizovali takmer 2000 pacientov a na JISke viac ako 300. \u201eIde o ve\u013ek\u00e9 mno\u017estvo a vzh\u013eadom na po\u010det l\u00f4\u017eok hospitaliz\u00e1cia jedn\u00e9ho pacienta trv\u00e1 priemerne len 5 \u2013 6 dn\u00ed. Inak by sme nemohli prij\u00edma\u0165 \u010fal\u0161\u00edch. Z\u00e1rove\u0148 k n\u00e1m prich\u00e1dzaj\u00fa pacienti aj z in\u00fdch regi\u00f3nov, najm\u00e4 z okrajov\u00fdch \u010dast\u00ed okresu Rev\u00faca, Rimavsk\u00e1 Sobota,\u201c uviedla prim\u00e1rka. Ako dodala, v dne\u0161nej dobe na internom oddelen\u00ed prakticky poskytuj\u00fa len neodkladn\u00fa \u2013 ak\u00fatnu zdravotn\u00fa starostlivos\u0165, vy\u0161etrenia, ktor\u00e9 nie s\u00fa nevyhnutn\u00e9, n\u00e1sledne sa vykonaj\u00fa ambulantne. \u201eVo ve\u013ekej miere sa v\u0161ak sna\u017e\u00edme v\u00e4\u010d\u0161inu vy\u0161etren\u00ed realizova\u0165 po\u010das hospitaliz\u00e1cie, \u010do si vy\u017eaduje ve\u013ek\u00e9 pracovn\u00e9 nasadenie a spolupr\u00e1cu najm\u00e4 s oddelen\u00edm r\u00e1diodiagnostiky,\u201c uzavrela Em\u00edlia Zlevsk\u00e1.<\/p>\n\n\n\n<figure class=\"wp-block-image\"><img loading=\"lazy\" decoding=\"async\" width=\"1024\" height=\"683\" src=\"http:\/\/nspbr.sk\/web\/wp-content\/uploads\/2019\/05\/P1100098-1024x683.jpg\" alt=\"\" class=\"wp-image-2235\" srcset=\"https:\/\/www.nspbr.sk\/web\/wp-content\/uploads\/2019\/05\/P1100098-1024x683.jpg 1024w, https:\/\/www.nspbr.sk\/web\/wp-content\/uploads\/2019\/05\/P1100098-300x200.jpg 300w, https:\/\/www.nspbr.sk\/web\/wp-content\/uploads\/2019\/05\/P1100098-768x512.jpg 768w, https:\/\/www.nspbr.sk\/web\/wp-content\/uploads\/2019\/05\/P1100098-1200x800.jpg 1200w\" sizes=\"auto, (max-width: 1024px) 100vw, 1024px\" \/><\/figure>\n\n\n\n<p>V r\u00e1mci intern\u00e9ho oddelenia je aj ve\u013ek\u00e9 mno\u017estvo ambulanci\u00ed, na ktor\u00fdch sa lek\u00e1ri sna\u017eia ambulantnou cestou pom\u00f4c\u0165 pacientovi.<\/p>\n\n\n\n<p>Spolupracuj\u00fa s r\u00f4znymi ambulanciami V dvoch kardiologick\u00fdch ambulanci\u00e1ch realizuj\u00fa aj podrobnej\u0161ie vy\u0161etrenia srdca \u2013 ECHO KG, tlakov\u00fd a EKG holter, v internej sa zameriavaj\u00fa najm\u00e4 na pacientov s \u0165a\u017ekou arteri\u00e1lnou hypertenziou. \u201eV dvoch p\u013e\u00facnych ambulanci\u00e1ch vykon\u00e1vame aj n\u00e1ro\u010dn\u00e9 bronchoskopick\u00e9 vy\u0161etrenie, ako i vy\u0161etrenie kapacity p\u013e\u00fac \u2013 spirometria. Na rozdiel od ve\u013ekos\u0165ou porovnate\u013en\u00fdch nemocn\u00edc m\u00e1me k dispoz\u00edcii endokrinologick\u00fa ambulanciu, gastroenterologick\u00fa, s\u00fa\u010das\u0165ou ktorej je aj jeden z najmodernej\u0161\u00edch pr\u00edstrojov na vy\u0161etrenie za\u017e\u00edvacieho traktu v r\u00e1mci \u0161ir\u0161ieho regi\u00f3nu,\u201c povedala prim\u00e1rka intern\u00e9ho oddelenia Em\u00edlia Zlevsk\u00e1. Pod\u013ea jej slov, v hematologickej ambulancii sa dokonca venuj\u00fa aj detsk\u00fdm pacientom. Z\u00e1rove\u0148 si intern\u00e9 oddelenie ve\u013emi v\u00e1\u017ei spolupr\u00e1cu s ne\u0161t\u00e1tnou reumatologickou ambulanciou. \u201eSamotn\u00e1 intern\u00e1 medic\u00edna je ve\u013emi rozmanit\u00fd odbor. Pacient neprich\u00e1dza s hotovou diagn\u00f3zou, ale so sympt\u00f3mom \u2013 pr\u00edznakom ochorenia, ako napr\u00edklad du\u0161nos\u0165, bolesti na hrudn\u00edku, opuchy n\u00f4h a \u00falohou lek\u00e1ra je nastoli\u0165 diagnostick\u00fd algoritmus k stanoveniu spr\u00e1vnej diagn\u00f3zy a n\u00e1slednej lie\u010dby, ktor\u00e1 je pre pacienta \u017eivot zachra\u0148uj\u00faca.\u201c<\/p>\n\n\n\n<p>Aj na tomto oddelen\u00ed ch\u00fdba kvalifikovan\u00fd person\u00e1l Na internom oddelen\u00ed disponuj\u00fa 40 l\u00f4\u017ekami, v r\u00e1mci intern\u00e9ho oddelenia \u017eeny a mu\u017ei. \u201e\u0160es\u0165 samostatn\u00fdch l\u00f4\u017eok je vyhraden\u00fdch pre pacientov vy\u017eaduj\u00facich monitoring vit\u00e1lnych funkci\u00ed, resp. starostlivos\u0165 JIS, kde s\u00fa hospitalizovan\u00ed pacienti v priamom ohrozen\u00ed \u017eivota. S\u00fa\u010das\u0165ou oddelenia s\u00fa aj dve nad\u0161tandardn\u00e9 izby. \u201eAko ka\u017ed\u00e9 oddelenie, aj my v r\u00e1mci intern\u00e9ho oddelenia bojujeme s nedostatkom person\u00e1lu. Ch\u00fdba kvalifikovan\u00fd zdravotn\u00fd person\u00e1l, \u010di u\u017e lek\u00e1ri, zdravotn\u00e9 sestry, sanit\u00e1ri, ale s touto problematikou bojuje v s\u00fa\u010dasnom obdob\u00ed prakticky cel\u00e9 zdravotn\u00edctvo. \u0160tatisticky na Slovensku len lek\u00e1rov ch\u00fdba viac ako 3000, po\u010det potrebn\u00fdch zdravotn\u00fdch sestier, sanit\u00e1rov, laborantov je r\u00e1dovo vy\u0161\u0161\u00ed,\u201c uviedla Em\u00edlia Zlevsk\u00e1.<\/p>\n\n\n\n<figure class=\"wp-block-image\"><img loading=\"lazy\" decoding=\"async\" width=\"1024\" height=\"768\" src=\"http:\/\/nspbr.sk\/web\/wp-content\/uploads\/2018\/10\/IMG_9062-1024x768.jpg\" alt=\"\" class=\"wp-image-1203\" srcset=\"https:\/\/www.nspbr.sk\/web\/wp-content\/uploads\/2018\/10\/IMG_9062-1024x768.jpg 1024w, https:\/\/www.nspbr.sk\/web\/wp-content\/uploads\/2018\/10\/IMG_9062-300x225.jpg 300w, https:\/\/www.nspbr.sk\/web\/wp-content\/uploads\/2018\/10\/IMG_9062-768x576.jpg 768w, https:\/\/www.nspbr.sk\/web\/wp-content\/uploads\/2018\/10\/IMG_9062.jpg 1632w\" sizes=\"auto, (max-width: 1024px) 100vw, 1024px\" \/><\/figure>\n\n\n\n<p>Spolupr\u00e1cu vylep\u0161uj\u00fa \u00fa\u010das\u0165ou na kardiologick\u00fdch kongresoch Intern\u00e9 oddelenie spolupracuje s vy\u0161\u0161\u00edmi pracoviskami, najm\u00e4 s FNsP F. D. R. B. Bystrica, s p\u013e\u00facnym \u00fastavom V. H\u00e1gy a na ve\u013emi vysokej \u00farovni so SUSCCH B. Bystrica, s ktor\u00fdm takmer denne konzultuj\u00fa kardiologick\u00fdch pacientov, prekladaj\u00fa pacientov za \u00fa\u010delom realiz\u00e1cie perkut\u00e1nnej koron\u00e1rnej intervencie v pr\u00edpade vzniku ak\u00fatneho infarktu myokardu. Pod\u013ea slov prim\u00e1rky, na z\u00e1klade r\u00fdchlej intervencie, dok\u00e1\u017eu interven\u010dn\u00ed kardiol\u00f3govia spriechodni\u0165 postihnut\u00fa cievu a v\u00fdrazne zlep\u0161i\u0165 pacientovi \u010fal\u0161iu kvalitu \u017eivota a ve\u013eakr\u00e1t v pr\u00edpade spr\u00e1vne stanovenej diagn\u00f3zy a r\u00fdchlemu kontaktovaniu zachr\u00e1ni\u0165 \u017eivot. Ve\u013emi dobr\u00fa spolupr\u00e1cu Em\u00edlia Zlevsk\u00e1 ocenila aj s oddelen\u00edm arytmi\u00ed, kde v pr\u00edpade potreby prekladaj\u00fa pacientov za \u00fa\u010delom implant\u00e1cie kardiostimul\u00e1tora. \u201eSpolupr\u00e1cu medzi na\u0161imi oddeleniami neust\u00e1le vylep\u0161ujeme \u00fa\u010das\u0165ou na kardiologick\u00fdch kongresoch a pr\u00edpravou eduka\u010dn\u00fdch semin\u00e1rov medzi na\u0161imi pracoviskami. Z\u00e1rove\u0148 si ve\u013emi cen\u00edm spolupr\u00e1cu aj s in\u00fdmi oddelenia v r\u00e1mci NsP Brezno, s ktor\u00fdmi \u00fazko spolupracujeme, a to hlavne oddelenie LDCH, ktor\u00e9 n\u00e1m pom\u00e1ha pri dolie\u010dovan\u00ed pacientov.\u201c<\/p>\n\n\n\n<figure class=\"wp-block-embed-youtube wp-block-embed is-type-video is-provider-youtube wp-embed-aspect-16-9 wp-has-aspect-ratio\"><div class=\"wp-block-embed__wrapper\">\n<iframe loading=\"lazy\" title=\"Nemocnica v Brezne m\u00e1 vynoven\u00e9 oddelenie\" width=\"640\" height=\"360\" src=\"https:\/\/www.youtube.com\/embed\/tL8Vtft-kTM?start=17&#038;feature=oembed\" frameborder=\"0\" allow=\"accelerometer; autoplay; clipboard-write; encrypted-media; gyroscope; picture-in-picture; web-share\" referrerpolicy=\"strict-origin-when-cross-origin\" allowfullscreen><\/iframe>\n<\/div><\/figure>\n\n\n\n<p>Intern\u00e9 oddelenie pre\u0161lo renov\u00e1ciou. V minulom roku sa intern\u00e9mu oddeleniu podarilo renovova\u0165 podlahov\u00fa krytinu, soci\u00e1lne zariadenia, ve\u013ek\u00fdm pr\u00ednosom s\u00fa aj dve nad\u0161tandardn\u00e9 izby. V tomto roku pribudli izby s pr\u00edvodom kysl\u00edka, namiesto p\u00f4vodne jednej bud\u00fa n\u00edm teraz disponova\u0165 tri izby na ka\u017edej zlo\u017eke. \u201e\u010eakujem spolo\u010dnosti \u017deleziarne Podbrezov\u00e1 a konkr\u00e9tne riadite\u013eovi Vladim\u00edrovi Sot\u00e1kovi za k\u00fapenie nov\u00fdch l\u00f4\u017eok na JIS intern\u00e9ho oddelenia a mo\u017enosti roz\u0161\u00edrenia diagnostiky u kardiologick\u00fdch pacientov zak\u00fapen\u00edm sn\u00edma\u010dov tlaku a EKG. Taktie\u017e \u010fakujem Vladim\u00edrovi Zvar\u00edkovi za k\u00fapenie polohovate\u013enej postele do nad\u0161tandardnej izby.\u201c Person\u00e1l intern\u00e9ho oddelenia pros\u00ed pacientov a ich pr\u00edbuzn\u00fdch o spolupr\u00e1cu, najm\u00e4 \u010do sa t\u00fdka vz\u00e1jomnej komunik\u00e1cie. \u201eZ\u00e1rove\u0148 v mene na\u0161ich pacientov \u010fakujem v\u0161etk\u00fdm, ktor\u00ed n\u00e1m pom\u00e1haj\u00fa skvalitni\u0165 poskytovanie zdravotnej starostlivosti. V\u00e1\u017eim si va\u0161u pomoc a \u00fastretovos\u0165. Na\u0161i pacienti, najm\u00e4 t\u00ed vo vysokom veku a s onkologick\u00fdm ochoren\u00edm, si to ur\u010dite zasl\u00fa\u017eia,\u201c dodala na z\u00e1ver prim\u00e1rka Em\u00edlia Zlevsk\u00e1.<\/p>\n","protected":false},"excerpt":{"rendered":"<p>\u010cl\u00e1nok zverejnen\u00fd v novin\u00e1ch My Horehronie 7.5.2019 a My Horehronie 14.5.2019. Autor: MONIKA DOL\u0147ANOV\u00c1. Foto: Luk\u00e1\u0161 P\u0161en\u010d\u00edk a arch\u00edv NsPBR. Str\u00e1nka intern\u00e9ho oddelenie je tu. Ve\u013ek\u00e1 \u010das\u0165 hospitalizovan\u00fdch pacientov na internom oddelen\u00ed m\u00e1 onkologick\u00e9 ochorenie. Mil\u00ed \u010ditatelia, prin\u00e1\u0161ame v\u00e1m s\u00e9riu \u010dl\u00e1nkov, v ktor\u00fdch postupne predstavujeme jednotliv\u00e9 oddelenia Nemocnice s poliklinikou v Brezne. Pokra\u010dujeme intern\u00fdm oddelen\u00edm, [&hellip;]<\/p>\n","protected":false},"author":1,"featured_media":2233,"comment_status":"closed","ping_status":"open","sticky":false,"template":"","format":"standard","meta":{"_monsterinsights_skip_tracking":false,"_monsterinsights_sitenote_active":false,"_monsterinsights_sitenote_note":"","_monsterinsights_sitenote_category":0,"footnotes":""},"categories":[7],"tags":[],"class_list":["post-2373","post","type-post","status-publish","format-standard","has-post-thumbnail","hentry","category-onas"],"_links":{"self":[{"href":"https:\/\/www.nspbr.sk\/web\/wp-json\/wp\/v2\/posts\/2373","targetHints":{"allow":["GET"]}}],"collection":[{"href":"https:\/\/www.nspbr.sk\/web\/wp-json\/wp\/v2\/posts"}],"about":[{"href":"https:\/\/www.nspbr.sk\/web\/wp-json\/wp\/v2\/types\/post"}],"author":[{"embeddable":true,"href":"https:\/\/www.nspbr.sk\/web\/wp-json\/wp\/v2\/users\/1"}],"replies":[{"embeddable":true,"href":"https:\/\/www.nspbr.sk\/web\/wp-json\/wp\/v2\/comments?post=2373"}],"version-history":[{"count":4,"href":"https:\/\/www.nspbr.sk\/web\/wp-json\/wp\/v2\/posts\/2373\/revisions"}],"predecessor-version":[{"id":2514,"href":"https:\/\/www.nspbr.sk\/web\/wp-json\/wp\/v2\/posts\/2373\/revisions\/2514"}],"wp:featuredmedia":[{"embeddable":true,"href":"https:\/\/www.nspbr.sk\/web\/wp-json\/wp\/v2\/media\/2233"}],"wp:attachment":[{"href":"https:\/\/www.nspbr.sk\/web\/wp-json\/wp\/v2\/media?parent=2373"}],"wp:term":[{"taxonomy":"category","embeddable":true,"href":"https:\/\/www.nspbr.sk\/web\/wp-json\/wp\/v2\/categories?post=2373"},{"taxonomy":"post_tag","embeddable":true,"href":"https:\/\/www.nspbr.sk\/web\/wp-json\/wp\/v2\/tags?post=2373"}],"curies":[{"name":"wp","href":"https:\/\/api.w.org\/{rel}","templated":true}]}}