{"id":5489,"date":"2021-09-30T10:14:52","date_gmt":"2021-09-30T08:14:52","guid":{"rendered":"https:\/\/www.nspbr.sk\/web\/?p=5489"},"modified":"2025-04-04T14:33:24","modified_gmt":"2025-04-04T12:33:24","slug":"duchovna-sluzba-v-nemocnici","status":"publish","type":"post","link":"https:\/\/www.nspbr.sk\/web\/duchovna-sluzba-v-nemocnici\/","title":{"rendered":"Duchovn\u00e1 slu\u017eba v nemocnici"},"content":{"rendered":"\n<p><strong>R\u00edmskokatol\u00edcky k\u0148az pre duchovn\u00fa slu\u017ebu \u010dlenom cirkvi &#8211; pacientom NsP Brezno, n.o.:<\/strong><\/p>\n\n\n\n<p><strong>Mgr. Du\u0161an Luk\u00e1\u010d<\/strong>, dekan Breznianskeho dekan\u00e1tu, kontakt: <strong>0903 635&nbsp;996<\/strong><\/p>\n\n\n\n<p><strong>Gr\u00e9ckokatol\u00edcky k\u0148az pre duchovn\u00fa slu\u017ebu \u010dlenom cirkvi &#8211; pacientom NsP Brezno, n.o.:<\/strong><\/p>\n\n\n\n<p><strong>Mgr. J\u00e1n Kova\u013e<\/strong>, far\u00e1r farnosti Brezno, kontakt: <strong>0915 788&nbsp;906<\/strong><\/p>\n\n\n\n<p><strong>Evanjelick\u00fd far\u00e1r a. v. pre duchovn\u00fa slu\u017ebu \u010dlenom cirkvi &#8211; pacientom NsP Brezno, n.o.:<\/strong><\/p>\n\n\n\n<p><strong>Mgr. Radim Pa\u010dm\u00e1r<\/strong>, far\u00e1r Cirkevn\u00e9ho zboru ECAV na Slovensku Brezno, kontakt: <strong>0915 793&nbsp;387<\/strong><\/p>\n\n\n\n<p><strong>Poveren\u00e9 osoby Kres\u0165ansk\u00e9ho spolo\u010denstva Milos\u0165 pre duchovn\u00fa slu\u017ebu svojim \u010dlenom &#8211; pacientom NsP Brezno, n.o.:<\/strong><\/p>\n\n\n\n<p><strong>Bc. \u013dubica \u0160tugnerov\u00e1, MA<\/strong>, presbyterka KS Milos\u0165, kontakt: <strong>0918 804 089<\/strong><br><strong>Katar\u00edna \u0160tugnerov\u00e1, MA<\/strong>, pr\u00e1ca so \u017eenami a&nbsp;de\u0165mi v&nbsp;KS Milos\u0165, kontakt: <strong>0910 190 339<\/strong><strong><\/strong><\/p>\n\n\n\n<p><\/p>\n","protected":false},"excerpt":{"rendered":"<p>R\u00edmskokatol\u00edcky k\u0148az pre duchovn\u00fa slu\u017ebu \u010dlenom cirkvi &#8211; pacientom NsP Brezno, n.o.: Mgr. Du\u0161an Luk\u00e1\u010d, dekan Breznianskeho dekan\u00e1tu, kontakt: 0903 635&nbsp;996 Gr\u00e9ckokatol\u00edcky k\u0148az pre duchovn\u00fa slu\u017ebu \u010dlenom cirkvi &#8211; pacientom NsP Brezno, n.o.: Mgr. J\u00e1n Kova\u013e, far\u00e1r farnosti Brezno, kontakt: 0915 788&nbsp;906 Evanjelick\u00fd far\u00e1r a. v. pre duchovn\u00fa slu\u017ebu \u010dlenom cirkvi &#8211; pacientom NsP Brezno, [&hellip;]<\/p>\n","protected":false},"author":1,"featured_media":8471,"comment_status":"closed","ping_status":"closed","sticky":false,"template":"","format":"standard","meta":{"_monsterinsights_skip_tracking":false,"_monsterinsights_sitenote_active":false,"_monsterinsights_sitenote_note":"","_monsterinsights_sitenote_category":0,"footnotes":""},"categories":[1],"tags":[],"class_list":["post-5489","post","type-post","status-publish","format-standard","has-post-thumbnail","hentry","category-nezaradene"],"_links":{"self":[{"href":"https:\/\/www.nspbr.sk\/web\/wp-json\/wp\/v2\/posts\/5489","targetHints":{"allow":["GET"]}}],"collection":[{"href":"https:\/\/www.nspbr.sk\/web\/wp-json\/wp\/v2\/posts"}],"about":[{"href":"https:\/\/www.nspbr.sk\/web\/wp-json\/wp\/v2\/types\/post"}],"author":[{"embeddable":true,"href":"https:\/\/www.nspbr.sk\/web\/wp-json\/wp\/v2\/users\/1"}],"replies":[{"embeddable":true,"href":"https:\/\/www.nspbr.sk\/web\/wp-json\/wp\/v2\/comments?post=5489"}],"version-history":[{"count":5,"href":"https:\/\/www.nspbr.sk\/web\/wp-json\/wp\/v2\/posts\/5489\/revisions"}],"predecessor-version":[{"id":8947,"href":"https:\/\/www.nspbr.sk\/web\/wp-json\/wp\/v2\/posts\/5489\/revisions\/8947"}],"wp:featuredmedia":[{"embeddable":true,"href":"https:\/\/www.nspbr.sk\/web\/wp-json\/wp\/v2\/media\/8471"}],"wp:attachment":[{"href":"https:\/\/www.nspbr.sk\/web\/wp-json\/wp\/v2\/media?parent=5489"}],"wp:term":[{"taxonomy":"category","embeddable":true,"href":"https:\/\/www.nspbr.sk\/web\/wp-json\/wp\/v2\/categories?post=5489"},{"taxonomy":"post_tag","embeddable":true,"href":"https:\/\/www.nspbr.sk\/web\/wp-json\/wp\/v2\/tags?post=5489"}],"curies":[{"name":"wp","href":"https:\/\/api.w.org\/{rel}","templated":true}]}}