{"id":6156,"date":"2022-03-04T11:19:01","date_gmt":"2022-03-04T10:19:01","guid":{"rendered":"https:\/\/www.nspbr.sk\/web\/?p=6156"},"modified":"2022-03-04T11:19:02","modified_gmt":"2022-03-04T10:19:02","slug":"nominacia-na-slovenku-roka-2022-nasej-prim-mudr-buckovej","status":"publish","type":"post","link":"https:\/\/www.nspbr.sk\/web\/nominacia-na-slovenku-roka-2022-nasej-prim-mudr-buckovej\/","title":{"rendered":"Nomin\u00e1cia na Slovenku roka 2022 na\u0161ej prim. MUDr. Bu\u010dkovej"},"content":{"rendered":"\n<p><strong>T\u00fd\u017edenn\u00edk Slovenka v&nbsp;spolupr\u00e1ci s&nbsp;RTVS a&nbsp;so Slovensk\u00fdm n\u00e1rodn\u00fdm divadlom vyhl\u00e1sili u\u017e 14. ro\u010dn\u00edk ankety Slovenka roka. Mesto Brezno je hrd\u00e9 na to, \u017ee v&nbsp;kateg\u00f3rii Zdravotn\u00edctvo je nominovan\u00e1 aj MUDr. EM\u00cdLIA BU\u010cKOV\u00c1, prim\u00e1rka Lie\u010debne pre dlhodobo chor\u00fdch, lek\u00e1rka geriatrickej ambulancie v&nbsp;Brezne. Nomin\u00e1ciu prijala s&nbsp;ve\u013ekou pokorou a&nbsp;v\u010fakou za to, \u017ee jej 42 rokov pr\u00e1ce v&nbsp;zdravotn\u00edctve zanech\u00e1va pozit\u00edvnu stopu v&nbsp;spolo\u010dnosti.<\/strong><\/p>\n\n\n\n<p><strong>V\u00fdsledky ankety sa dozvieme 3. j\u00fana<\/strong><\/p>\n\n\n\n<p>Filozofiou ankety je prezentova\u0165 d\u00e1my, ktor\u00e9 s\u00fa v\u00fdnimo\u010dn\u00e9 a&nbsp;\u00faspe\u0161n\u00e9 vo svojom povolan\u00ed. Slovenka roka chce vzda\u0165 \u00factu \u017een\u00e1m, ktor\u00e9 svoj\u00edm umom, nadan\u00edm a&nbsp;pracovitos\u0165ou dok\u00e1zali nie\u010do v\u00fdnimo\u010dn\u00e9 a&nbsp;u\u017eito\u010dn\u00e9, za \u010do im patr\u00ed v\u010faka, pocta a&nbsp;v\u0161eobecn\u00e9 uznanie.<\/p>\n\n\n\n<p>&nbsp;Nomina\u010dn\u00e1 komisia vybrala dvadsa\u0165osem laure\u00e1tiek v&nbsp;deviatich kateg\u00f3ri\u00e1ch: Biznis a&nbsp;mana\u017ement, Umenie a&nbsp;kult\u00fara, M\u00e9di\u00e1 a&nbsp;komunik\u00e1cia, Veda a&nbsp;v\u00fdskum, Podpora mlad\u00fdch talentov, \u0160port, Charita a&nbsp;soci\u00e1lna pr\u00e1ca, Zdravotn\u00edctvo a&nbsp;Vzdel\u00e1vanie. Ktor\u00e9 \u00faspe\u0161n\u00e9 Slovenky z\u00edskaj\u00fa ocenenie, sa verejnos\u0165 dozvie 3. j\u00fana po\u010das sl\u00e1vnostn\u00e9ho galave\u010dera v&nbsp;historickej budove Slovensk\u00e9ho n\u00e1rodn\u00e9ho divadla a&nbsp;v&nbsp;priamom prenose na Jednotke.<\/p>\n\n\n\n<p><strong>Em\u00edlia Bu\u010dkov\u00e1 nomin\u00e1ciu prijala s&nbsp;v\u010fakou a&nbsp;pokorou<\/strong><\/p>\n\n\n\n<p>V roku 2022 sa zasl\u00fa\u017eene medzi nominovan\u00e9 d\u00e1my dostala aj prim\u00e1rka Lie\u010debne dlhodobo chor\u00fdch, lek\u00e1rka geriatrickej ambulancie v&nbsp;Brezne MUDr. Em\u00edlia Bu\u010dkov\u00e1, pre ktor\u00fa nomin\u00e1cia bola ve\u013ek\u00fdm, ale mil\u00fdm prekvapen\u00edm. \u201ePo telefon\u00e1te zo Slovenky som najsk\u00f4r ani neverila, myslela som, \u010di to nie je \u017eart. Prizn\u00e1m sa, dala som si \u010das na rozmyslenie. Nomin\u00e1ciu som prijala s&nbsp;ve\u013ekou pokorou a&nbsp;v\u010fakou, z\u00e1rove\u0148 ju vn\u00edmam ako mo\u017enos\u0165 zvidite\u013eni\u0165 pr\u00e1cu v&nbsp;odbore geriatria, preto\u017ee seniorsk\u00fd vek je realitou, ale v&nbsp;spolo\u010denskom vn\u00edman\u00ed na okraji z\u00e1ujmu.\u201c<\/p>\n\n\n\n<p><strong>Energiu \u010derp\u00e1 od \u013eud\u00ed vo vy\u0161\u0161om veku<\/strong><\/p>\n\n\n\n<p>Em\u00edlia Bu\u010dkov\u00e1 je rod\u00e1\u010dka z&nbsp;Pova\u017eia, ale za vy\u0161e 42 rokov u\u017e naturalizovan\u00e1 Horehronka. V&nbsp;Nemocnici s&nbsp;poliklinikou v&nbsp;Brezne pracuje od roku 1979, od roku 1981 ako sekund\u00e1rna lek\u00e1rka v&nbsp;dolie\u010dovacom oddelen\u00ed, ktor\u00e9 sa reprofilizovalo na Lie\u010deb\u0148u dlhodobo chor\u00fdch, kde u\u017e 26 rokov p\u00f4sob\u00ed ako prim\u00e1rka. Dva dni v&nbsp;t\u00fd\u017edni tie\u017e ordinuje v&nbsp;geriatrickej ambulancii. \u201eNikdy som nemala probl\u00e9m stara\u0165 sa ako lek\u00e1rka o&nbsp;\u013eud\u00ed vo vy\u0161\u0161om veku, paradoxne som nespo\u010detnekr\u00e1t \u010derpala od nich energiu, ktor\u00fa kr\u00e1sni star\u00ed \u013eudia vy\u017earuj\u00fa.\u201c<\/p>\n\n\n\n<p>&nbsp;Pod\u013ea slov prim\u00e1rky LDCH pr\u00e1ca v&nbsp;star\u00fdch priestoroch v&nbsp;budove v&nbsp;meste bola ve\u013emi \u0165a\u017ek\u00e1, po pres\u0165ahovan\u00ed do nemocnice sa to v\u0161ak v\u00fdrazne zlep\u0161ilo najm\u00e4 pre pacientov. Napr\u00edklad \u013eah\u0161ie dostupn\u00e9 s\u00fa r\u00f4zne vy\u0161etrenia. \u201ePostupom \u010dasu sa ale \u017eia\u013e st\u00e1vaj\u00fa \u010doraz \u010dastej\u0161ie na\u0161imi pacientmi \u013eudia v&nbsp;predseniorskom veku s&nbsp;dlhodob\u00fdmi a&nbsp;v\u00e1\u017enymi ochoreniami. To, \u017ee o&nbsp;zdrav\u00fd \u017eivotn\u00fd \u0161t\u00fdl sa mus\u00ed stara\u0165 predov\u0161etk\u00fdm s\u00e1m \u010dlovek, nie je be\u017enou skuto\u010dnos\u0165ou.\u201c<\/p>\n\n\n\n<p>\u00a0Ako sa povie, dobr\u00fd pracovn\u00fd t\u00edm je na nezaplatenie. To \u0161\u0165astie m\u00e1 aj Em\u00edlia Bu\u010dkov\u00e1. \u201eM\u00e1m v\u00fdborn\u00fd kolekt\u00edv sestri\u010diek a\u00a0sanit\u00e1rok na oddelen\u00ed, tie\u017e sestri\u010dku v\u00a0ambulancii, u\u013eah\u010duje mi to pr\u00e1cu. Lek\u00e1rske miesta pre pr\u00e1cu so star\u00fdmi a\u00a0dlhodobo chor\u00fdmi pacientmi s\u00fa v\u0161ak u n\u00e1s len prestupnou stanicou do in\u00fdch odborov.\u201c<\/p>\n\n\n\n<figure class=\"wp-block-gallery has-nested-images columns-default is-cropped wp-block-gallery-1 is-layout-flex wp-block-gallery-is-layout-flex\">\n<figure class=\"wp-block-image size-large is-style-default\"><img loading=\"lazy\" decoding=\"async\" width=\"2560\" height=\"1920\" data-id=\"6160\" src=\"https:\/\/www.nspbr.sk\/web\/wp-content\/uploads\/2022\/03\/IMG_20220222_122849-scaled.jpg\" alt=\"\" class=\"wp-image-6160\" srcset=\"https:\/\/www.nspbr.sk\/web\/wp-content\/uploads\/2022\/03\/IMG_20220222_122849-scaled.jpg 2560w, https:\/\/www.nspbr.sk\/web\/wp-content\/uploads\/2022\/03\/IMG_20220222_122849-300x225.jpg 300w, https:\/\/www.nspbr.sk\/web\/wp-content\/uploads\/2022\/03\/IMG_20220222_122849-1024x768.jpg 1024w, https:\/\/www.nspbr.sk\/web\/wp-content\/uploads\/2022\/03\/IMG_20220222_122849-768x576.jpg 768w, https:\/\/www.nspbr.sk\/web\/wp-content\/uploads\/2022\/03\/IMG_20220222_122849-1536x1152.jpg 1536w, https:\/\/www.nspbr.sk\/web\/wp-content\/uploads\/2022\/03\/IMG_20220222_122849-2048x1536.jpg 2048w, https:\/\/www.nspbr.sk\/web\/wp-content\/uploads\/2022\/03\/IMG_20220222_122849-136x102.jpg 136w\" sizes=\"auto, (max-width: 2560px) 100vw, 2560px\" \/><\/figure>\n\n\n\n<figure class=\"wp-block-image size-large is-style-default\"><img loading=\"lazy\" decoding=\"async\" width=\"1920\" height=\"2560\" data-id=\"6159\" src=\"https:\/\/www.nspbr.sk\/web\/wp-content\/uploads\/2022\/03\/IMG_20220222_121425-scaled.jpg\" alt=\"\" class=\"wp-image-6159\" srcset=\"https:\/\/www.nspbr.sk\/web\/wp-content\/uploads\/2022\/03\/IMG_20220222_121425-scaled.jpg 1920w, https:\/\/www.nspbr.sk\/web\/wp-content\/uploads\/2022\/03\/IMG_20220222_121425-225x300.jpg 225w, https:\/\/www.nspbr.sk\/web\/wp-content\/uploads\/2022\/03\/IMG_20220222_121425-768x1024.jpg 768w, https:\/\/www.nspbr.sk\/web\/wp-content\/uploads\/2022\/03\/IMG_20220222_121425-1152x1536.jpg 1152w, https:\/\/www.nspbr.sk\/web\/wp-content\/uploads\/2022\/03\/IMG_20220222_121425-1536x2048.jpg 1536w\" sizes=\"auto, (max-width: 1920px) 100vw, 1920px\" \/><\/figure>\n\n\n\n<figure class=\"wp-block-image size-large is-style-default\"><img loading=\"lazy\" decoding=\"async\" width=\"1920\" height=\"2560\" data-id=\"6158\" src=\"https:\/\/www.nspbr.sk\/web\/wp-content\/uploads\/2022\/03\/IMG_20220222_121130-scaled.jpg\" alt=\"\" class=\"wp-image-6158\" srcset=\"https:\/\/www.nspbr.sk\/web\/wp-content\/uploads\/2022\/03\/IMG_20220222_121130-scaled.jpg 1920w, https:\/\/www.nspbr.sk\/web\/wp-content\/uploads\/2022\/03\/IMG_20220222_121130-225x300.jpg 225w, https:\/\/www.nspbr.sk\/web\/wp-content\/uploads\/2022\/03\/IMG_20220222_121130-768x1024.jpg 768w, https:\/\/www.nspbr.sk\/web\/wp-content\/uploads\/2022\/03\/IMG_20220222_121130-1152x1536.jpg 1152w, https:\/\/www.nspbr.sk\/web\/wp-content\/uploads\/2022\/03\/IMG_20220222_121130-1536x2048.jpg 1536w\" sizes=\"auto, (max-width: 1920px) 100vw, 1920px\" \/><\/figure>\n<\/figure>\n\n\n\n<p><strong>Oporu m\u00e1 v&nbsp;rodine, najv\u00e4\u010d\u0161ou rados\u0165ou je vn\u00fa\u010dik \u0160imonko<\/strong><\/p>\n\n\n\n<p>Dve volebn\u00e9 obdobia bola poslanky\u0148ou mestsk\u00e9ho zastupite\u013estva, \u010dlenkou dvoch pracovn\u00fdch komisi\u00ed. V&nbsp;roku 2019 z\u00edskala Mimoriadnu cenu Matice slovenskej, o&nbsp;rok nesk\u00f4r Cenu mesta Brezna. Vo\u013en\u00fd \u010das sa sna\u017e\u00ed vyu\u017e\u00edva\u0165 naplno. Najrad\u0161ej relaxuje pohybom, v&nbsp;mladosti akt\u00edvne \u0161portovala. Rada sa z\u00fa\u010dast\u0148uje na turistick\u00fdch akci\u00e1ch s&nbsp;breznianskym turistick\u00fdm oddielom TOMO, tie\u017e miluje klasick\u00fa hudbu, divadlo, operu, venuje sa aj pr\u00e1ci v&nbsp;Matici slovenskej. \u201eMan\u017eel a&nbsp;dvaja synovia mi boli v\u017edy oporou a&nbsp;na moju pracovn\u00fa vy\u0165a\u017eenos\u0165 nikdy nereptali. Mojou ve\u013ekou rados\u0165ou je 5-mesa\u010dn\u00fd vn\u00fa\u010dik \u0160imonko.\u201c<\/p>\n\n\n\n<p>&#8230;<\/p>\n\n\n\n<p><em>Em\u00edlia Bu\u010dkov\u00e1 je nielen v\u00fdnimo\u010dn\u00e1 lek\u00e1rka, ale aj miluj\u00faca man\u017eelka, starostliv\u00e1 mama a\u00a0star\u00e1 mama, ktor\u00e1 si zasl\u00fa\u017ei titul Slovenka roka 2022. Jej nomin\u00e1ciu m\u00f4\u017eete podpori\u0165 hlasovan\u00edm do 1. j\u00fana prostredn\u00edctvom SMS na \u010d\u00edslo 7504 v\u00a0tvare SR 27, kup\u00f3nmi z\u00a0t\u00fd\u017edenn\u00edka Slovenka alebo na <a rel=\"noreferrer noopener\" href=\"https:\/\/www.slovenkaroka.sk\/hlasovanie\/\" target=\"_blank\">www.slovenkaroka.sk\/hlasovanie<\/a>. Cena SMS je 1 euro s\u00a0DPH. Hlasujte za svoju favoritku a\u00a0vyhrajte exkluz\u00edvny dovolenkov\u00fd pobyt pre 2 osoby v\u00a0Om\u00e1ne.<\/em> <a href=\"https:\/\/www.slovenkaroka.sk\/hlasovanie\/nominovane-damy-2022\/\" target=\"_blank\" rel=\"noreferrer noopener\">Viac o nominovan\u00fdch d\u00e1mach si m\u00f4\u017eete pre\u010d\u00edta\u0165 tu.<\/a><\/p>\n\n\n\n<p><em><strong>autor \u010dl\u00e1nku : Monika Dol\u0148anov\u00e1<\/strong><\/em><\/p>\n\n\n\n<p>Foto: NsP Brezno<\/p>\n\n\n\n<p><a href=\"https:\/\/www.brezno.sk\/na-ocenenie-slovenka-roka-2022-je-nominovana-aj-emilia-buckova-primarka-liecebne-dlhodobo-chorych\/?f=&amp;fbclid=IwAR387ohASLRnUclg1msxaNx8wQusWlB7BkPpLcUqIPjGxtDEOQFUGUdOlDQ\" target=\"_blank\" rel=\"noreferrer noopener\">\u010dl\u00e1nok prevzat\u00fd z Brezno.sk<\/a><\/p>\n","protected":false},"excerpt":{"rendered":"<p>T\u00fd\u017edenn\u00edk Slovenka v&nbsp;spolupr\u00e1ci s&nbsp;RTVS a&nbsp;so Slovensk\u00fdm n\u00e1rodn\u00fdm divadlom vyhl\u00e1sili u\u017e 14. ro\u010dn\u00edk ankety Slovenka roka. Mesto Brezno je hrd\u00e9 na to, \u017ee v&nbsp;kateg\u00f3rii Zdravotn\u00edctvo je nominovan\u00e1 aj MUDr. EM\u00cdLIA BU\u010cKOV\u00c1, prim\u00e1rka Lie\u010debne pre dlhodobo chor\u00fdch, lek\u00e1rka geriatrickej ambulancie v&nbsp;Brezne. Nomin\u00e1ciu prijala s&nbsp;ve\u013ekou pokorou a&nbsp;v\u010fakou za to, \u017ee jej 42 rokov pr\u00e1ce v&nbsp;zdravotn\u00edctve zanech\u00e1va pozit\u00edvnu stopu [&hellip;]<\/p>\n","protected":false},"author":1,"featured_media":6157,"comment_status":"closed","ping_status":"closed","sticky":false,"template":"","format":"standard","meta":{"_monsterinsights_skip_tracking":false,"_monsterinsights_sitenote_active":false,"_monsterinsights_sitenote_note":"","_monsterinsights_sitenote_category":0,"footnotes":""},"categories":[4],"tags":[],"class_list":["post-6156","post","type-post","status-publish","format-standard","has-post-thumbnail","hentry","category-aktuality"],"_links":{"self":[{"href":"https:\/\/www.nspbr.sk\/web\/wp-json\/wp\/v2\/posts\/6156","targetHints":{"allow":["GET"]}}],"collection":[{"href":"https:\/\/www.nspbr.sk\/web\/wp-json\/wp\/v2\/posts"}],"about":[{"href":"https:\/\/www.nspbr.sk\/web\/wp-json\/wp\/v2\/types\/post"}],"author":[{"embeddable":true,"href":"https:\/\/www.nspbr.sk\/web\/wp-json\/wp\/v2\/users\/1"}],"replies":[{"embeddable":true,"href":"https:\/\/www.nspbr.sk\/web\/wp-json\/wp\/v2\/comments?post=6156"}],"version-history":[{"count":1,"href":"https:\/\/www.nspbr.sk\/web\/wp-json\/wp\/v2\/posts\/6156\/revisions"}],"predecessor-version":[{"id":6161,"href":"https:\/\/www.nspbr.sk\/web\/wp-json\/wp\/v2\/posts\/6156\/revisions\/6161"}],"wp:featuredmedia":[{"embeddable":true,"href":"https:\/\/www.nspbr.sk\/web\/wp-json\/wp\/v2\/media\/6157"}],"wp:attachment":[{"href":"https:\/\/www.nspbr.sk\/web\/wp-json\/wp\/v2\/media?parent=6156"}],"wp:term":[{"taxonomy":"category","embeddable":true,"href":"https:\/\/www.nspbr.sk\/web\/wp-json\/wp\/v2\/categories?post=6156"},{"taxonomy":"post_tag","embeddable":true,"href":"https:\/\/www.nspbr.sk\/web\/wp-json\/wp\/v2\/tags?post=6156"}],"curies":[{"name":"wp","href":"https:\/\/api.w.org\/{rel}","templated":true}]}}