{"id":7711,"date":"2024-01-24T18:36:30","date_gmt":"2024-01-24T17:36:30","guid":{"rendered":"https:\/\/www.nspbr.sk\/web\/?p=7711"},"modified":"2024-01-25T07:10:40","modified_gmt":"2024-01-25T06:10:40","slug":"rokovanie-o-kategorizacii-pokracuje","status":"publish","type":"post","link":"https:\/\/www.nspbr.sk\/web\/rokovanie-o-kategorizacii-pokracuje\/","title":{"rendered":"Rokovanie o kategoriz\u00e1cii pokra\u010duje"},"content":{"rendered":"\n<p>Dnes 24.1.2024 sa na p\u00f4de Ministerstva zdravotn\u00edctva SR uskuto\u010dnilo rokovanie o kategoriz\u00e1cii na\u0161ej nemocnice oh\u013eadom preradenia do II. kateg\u00f3rie. Za na\u0161u nemocnicu sa z\u00fa\u010dastnilo vedenie nemocnice v zast\u00fapen\u00ed riadite\u013ea nemocnice Jaroslava Ma\u010dejovsk\u00e9ho, n\u00e1mestn\u00ed\u010dky lie\u010debno-prevent\u00edvnej starostlivosti Edity Niklovej a z\u00e1stupcu riadite\u013ea a pr\u00e1vnika Karola Vojtka. Za nemocnicu sa z\u00fa\u010dastnil aj prim\u00e1tor mesta Brezno a predseda spr\u00e1vnej rady Tom\u00e1\u0161 Abel, gener\u00e1lny riadite\u013e \u017deleziarn\u00ed Podbrezov\u00e1, a.s. a \u010dlen spr\u00e1vnej rady Vladim\u00edr Sot\u00e1k a predseda Banskobystrick\u00e9ho samospr\u00e1vneho kraja Ondrej Lunter s podpredsedom Petrom Juh\u00e1szom. Rokovania sa z\u00fa\u010dastnilo viacero z\u00e1stupcov Ministerstva zdravotn\u00edctva na \u010dele s pani ministerkou Zuzanou Dolinkovou.<\/p>\n\n\n\n<p><a href=\"https:\/\/www.nspbr.sk\/web\/rokovania-s-mz-sr-o-kategorizacii\/\" target=\"_blank\" rel=\"noopener\" title=\"Rokovania s MZ SR o kategoriz\u00e1cii\">Na\u0161a nemocnica u\u017e viac ako jeden rok intenz\u00edvne po\u017eaduje svoje prekategorizovanie do II. \u00farovne nemocn\u00edc.<\/a> S&nbsp;t\u00fdmto cie\u013eom boli zo strany vedenia nemocnice a&nbsp;jej partnerov realizovan\u00e9 viacer\u00e9 rokovania, \u010di u\u017e na p\u00f4de nemocnice, a&nbsp;\u010di MZSR s&nbsp;predstavite\u013emi b\u00fdvalej i&nbsp;s\u00fa\u010dasnej vl\u00e1dy SR.<\/p>\n\n\n\n<p>Cie\u013eom t\u00fdchto aktiv\u00edt je zachovanie s\u00fa\u010dasn\u00e9ho portf\u00f3lia poskytovan\u00fdch zdravotn\u00fdch v\u00fdkonov, ako i&nbsp;zabezpe\u010denie rozvoja nemocnice do \u010fal\u0161\u00edch rokov. Teda to, aby bola aj na\u010falej zabezpe\u010den\u00e1 aspo\u0148 s\u00fa\u010dasn\u00e1 dostupnos\u0165 zdravotnej starostlivosti pre obyvate\u013eov n\u00e1\u0161ho regi\u00f3nu. Okrem in\u00e9ho za zachovanie na\u0161ej nemocnice v&nbsp;doteraj\u0161om rozsahu poskytovanej zdravotnej starostlivosti sa realizovala minul\u00fd rok aj pet\u00edcia, ktor\u00fa podporilo nieko\u013eko desiatok tis\u00edc obyvate\u013eov nielen n\u00e1\u0161ho regi\u00f3nu.<\/p>\n\n\n\n<p>Hlavn\u00fdm d\u00f4vodom na\u0161ej po\u017eiadavky o zaradenie medzi nemocnice II. \u00farovne je faktor geografickej dostupnosti reprezentovan\u00fd \u010dasom dojazdu do nemocnice II. \u00farovne. Ustanovenie \u00a7 8 ods. 8 Z\u00e1kona o kategoriz\u00e1cii uv\u00e1dza:<\/p>\n\n\n\n<p>\u201eAk by sie\u0165 nemocn\u00edc II. \u00farovne vytvoren\u00e1 pod\u013ea odsekov 5 a\u017e 7 viedla k tomu, \u017ee by \u010das dojazdu pre niektor\u00fd okres presiahol 45 min\u00fat, tak sa do siete nemocn\u00edc II. \u00farovne zarad\u00ed aj nemocnica, ktor\u00e1 m\u00e1 po\u010det poistencov v sp\u00e1dovom \u00fazem\u00ed menej ako 75 000 poistencov a ktorej zaraden\u00edm klesne \u010das dojazdu v tomto okrese pod 45 min\u00fat.\u201c<\/p>\n\n\n\n<figure class=\"wp-block-gallery has-nested-images columns-default is-cropped wp-block-gallery-1 is-layout-flex wp-block-gallery-is-layout-flex\">\n<figure class=\"wp-block-image size-large is-style-default\"><a href=\"https:\/\/www.nspbr.sk\/web\/wp-content\/uploads\/2024\/01\/Obrazok1.jpg\"><img loading=\"lazy\" decoding=\"async\" width=\"960\" height=\"545\" data-id=\"7715\" src=\"https:\/\/www.nspbr.sk\/web\/wp-content\/uploads\/2024\/01\/Obrazok1.jpg\" alt=\"\" class=\"wp-image-7715\" srcset=\"https:\/\/www.nspbr.sk\/web\/wp-content\/uploads\/2024\/01\/Obrazok1.jpg 960w, https:\/\/www.nspbr.sk\/web\/wp-content\/uploads\/2024\/01\/Obrazok1-300x170.jpg 300w, https:\/\/www.nspbr.sk\/web\/wp-content\/uploads\/2024\/01\/Obrazok1-768x436.jpg 768w\" sizes=\"auto, (max-width: 960px) 100vw, 960px\" \/><\/a><figcaption class=\"wp-element-caption\">Horsk\u00e9 prechody na Horehron\u00ed v zime<\/figcaption><\/figure>\n\n\n\n<figure class=\"wp-block-image size-large is-style-default\"><a href=\"https:\/\/www.nspbr.sk\/web\/wp-content\/uploads\/2024\/01\/Obrazok2.png\"><img loading=\"lazy\" decoding=\"async\" width=\"950\" height=\"545\" data-id=\"7716\" src=\"https:\/\/www.nspbr.sk\/web\/wp-content\/uploads\/2024\/01\/Obrazok2.png\" alt=\"\" class=\"wp-image-7716\" srcset=\"https:\/\/www.nspbr.sk\/web\/wp-content\/uploads\/2024\/01\/Obrazok2.png 950w, https:\/\/www.nspbr.sk\/web\/wp-content\/uploads\/2024\/01\/Obrazok2-300x172.png 300w, https:\/\/www.nspbr.sk\/web\/wp-content\/uploads\/2024\/01\/Obrazok2-768x441.png 768w\" sizes=\"auto, (max-width: 950px) 100vw, 950px\" \/><\/a><figcaption class=\"wp-element-caption\">sp\u00e1dovos\u0165 nemocnice<\/figcaption><\/figure>\n\n\n\n<figure class=\"wp-block-image size-large is-style-default\"><a href=\"https:\/\/www.nspbr.sk\/web\/wp-content\/uploads\/2024\/01\/Obrazok3.jpg\"><img loading=\"lazy\" decoding=\"async\" width=\"960\" height=\"540\" data-id=\"7717\" src=\"https:\/\/www.nspbr.sk\/web\/wp-content\/uploads\/2024\/01\/Obrazok3.jpg\" alt=\"\" class=\"wp-image-7717\" srcset=\"https:\/\/www.nspbr.sk\/web\/wp-content\/uploads\/2024\/01\/Obrazok3.jpg 960w, https:\/\/www.nspbr.sk\/web\/wp-content\/uploads\/2024\/01\/Obrazok3-300x169.jpg 300w, https:\/\/www.nspbr.sk\/web\/wp-content\/uploads\/2024\/01\/Obrazok3-768x432.jpg 768w\" sizes=\"auto, (max-width: 960px) 100vw, 960px\" \/><\/a><figcaption class=\"wp-element-caption\">dostupnos\u0165 nemocn\u00edc<\/figcaption><\/figure>\n<\/figure>\n\n\n\n<p>In\u0161tit\u00fat zdravotn\u00fdch anal\u00fdz MZSR celkom nepravdivo a&nbsp;nespr\u00e1vne stanovil geografick\u00fa dostupnos\u0165 n\u00e1\u0161ho okresu na 34,84 min. Re\u00e1lna situ\u00e1cia na \u00fazem\u00ed na\u0161ej sp\u00e1dovej oblasti je tak\u00e1, \u017ee okres Brezno m\u00e1 30 obc\u00ed, z&nbsp;ktor\u00fdch a\u017e 17 m\u00e1 pri ide\u00e1lnych dopravn\u00fdch podmienkach \u010das dojazdu do nemocnice II. alebo vy\u0161\u0161ej \u00farovne, ak by na\u0161a nemocnica nebola nemocnicou II. \u00farovne, cez 45 min\u00fat. Av\u0161ak v&nbsp;niektor\u00fdch pr\u00edpadoch a\u017e cez 1 hod. &nbsp;Ide o&nbsp;absol\u00fatnu v\u00e4\u010d\u0161inu \u00fazemia okresu Brezno, ktor\u00fd patr\u00ed medzi najv\u00e4\u010d\u0161ie na Slovensku. Ak s\u00fa v\u0161ak cestn\u00e9 podmienky hor\u0161ie, napr. pre opravy ciest, zl\u00fa poveternostn\u00fa situ\u00e1ciu, zimn\u00e9 obdobie, hav\u00e1rie na cest\u00e1ch a&nbsp;pod., vy\u0161\u0161ie uveden\u00e9 \u010dasy dojazdu s\u00fa podstatne dlh\u0161ie.<\/p>\n\n\n\n<p>Na z\u00e1klade uveden\u00e9ho sme presved\u010den\u00ed, \u017ee Nemocnica s&nbsp;poliklinikou Brezno, n.o. m\u00e1 by\u0165 zaraden\u00e1 do II. \u00farovne nemocn\u00edc priamo pod\u013ea predmetnej legislat\u00edvy a&nbsp;tomu usp\u00f4soben\u00e9 by mali by\u0165 aj pr\u00edpadn\u00e9 n\u00e1m stanoven\u00e9 podmienky kategoriz\u00e1cie \u00fastavnej starostlivosti, \u010do intenz\u00edvne argumentujeme aj s MZSR<span style=\"text-decoration: underline;\">.<\/span><\/p>\n\n\n\n<p><strong>Ver\u00edme, \u017ee s\u00fa\u010dasn\u00e9 vedenie MZSR vo veci na\u0161ej kategoriz\u00e1cie zjedn\u00e1 n\u00e1pravu. Zo strany vedenia nemocnice a&nbsp;jej partnerov bud\u00fa vyv\u00edjan\u00e9 aj na\u010falej v\u0161etky potrebn\u00e9 kroky, k\u00fdm sa tak nestane. Z\u00e1le\u017e\u00ed n\u00e1m na tom, aby na\u0161a nemocnica sl\u00fa\u017eila pacientom \u2013 obyvate\u013eom n\u00e1\u0161ho regi\u00f3nu nielen dnes, ale aj za p\u00e4\u0165, desa\u0165, \u010di dvadsa\u0165 rokov. <\/strong><\/p>\n","protected":false},"excerpt":{"rendered":"<p>Dnes 24.1.2024 sa na p\u00f4de Ministerstva zdravotn\u00edctva SR uskuto\u010dnilo rokovanie o kategoriz\u00e1cii na\u0161ej nemocnice oh\u013eadom preradenia do II. kateg\u00f3rie. Za na\u0161u nemocnicu sa z\u00fa\u010dastnilo vedenie nemocnice v zast\u00fapen\u00ed riadite\u013ea nemocnice Jaroslava Ma\u010dejovsk\u00e9ho, n\u00e1mestn\u00ed\u010dky lie\u010debno-prevent\u00edvnej starostlivosti Edity Niklovej a z\u00e1stupcu riadite\u013ea a pr\u00e1vnika Karola Vojtka. Za nemocnicu sa z\u00fa\u010dastnil aj prim\u00e1tor mesta Brezno a predseda spr\u00e1vnej [&hellip;]<\/p>\n","protected":false},"author":1,"featured_media":7712,"comment_status":"closed","ping_status":"closed","sticky":false,"template":"","format":"standard","meta":{"_monsterinsights_skip_tracking":false,"_monsterinsights_sitenote_active":false,"_monsterinsights_sitenote_note":"","_monsterinsights_sitenote_category":0,"footnotes":""},"categories":[7],"tags":[],"class_list":["post-7711","post","type-post","status-publish","format-standard","has-post-thumbnail","hentry","category-onas"],"_links":{"self":[{"href":"https:\/\/www.nspbr.sk\/web\/wp-json\/wp\/v2\/posts\/7711","targetHints":{"allow":["GET"]}}],"collection":[{"href":"https:\/\/www.nspbr.sk\/web\/wp-json\/wp\/v2\/posts"}],"about":[{"href":"https:\/\/www.nspbr.sk\/web\/wp-json\/wp\/v2\/types\/post"}],"author":[{"embeddable":true,"href":"https:\/\/www.nspbr.sk\/web\/wp-json\/wp\/v2\/users\/1"}],"replies":[{"embeddable":true,"href":"https:\/\/www.nspbr.sk\/web\/wp-json\/wp\/v2\/comments?post=7711"}],"version-history":[{"count":5,"href":"https:\/\/www.nspbr.sk\/web\/wp-json\/wp\/v2\/posts\/7711\/revisions"}],"predecessor-version":[{"id":7724,"href":"https:\/\/www.nspbr.sk\/web\/wp-json\/wp\/v2\/posts\/7711\/revisions\/7724"}],"wp:featuredmedia":[{"embeddable":true,"href":"https:\/\/www.nspbr.sk\/web\/wp-json\/wp\/v2\/media\/7712"}],"wp:attachment":[{"href":"https:\/\/www.nspbr.sk\/web\/wp-json\/wp\/v2\/media?parent=7711"}],"wp:term":[{"taxonomy":"category","embeddable":true,"href":"https:\/\/www.nspbr.sk\/web\/wp-json\/wp\/v2\/categories?post=7711"},{"taxonomy":"post_tag","embeddable":true,"href":"https:\/\/www.nspbr.sk\/web\/wp-json\/wp\/v2\/tags?post=7711"}],"curies":[{"name":"wp","href":"https:\/\/api.w.org\/{rel}","templated":true}]}}