{"id":9781,"date":"2026-03-16T07:37:41","date_gmt":"2026-03-16T06:37:41","guid":{"rendered":"https:\/\/www.nspbr.sk\/web\/?p=9781"},"modified":"2026-03-18T08:18:05","modified_gmt":"2026-03-18T07:18:05","slug":"podporna-skupina-pre-rodinnych-prislusnikov-alebo-opatrovatelov-ludi-s-demenciou-2","status":"publish","type":"post","link":"https:\/\/www.nspbr.sk\/web\/podporna-skupina-pre-rodinnych-prislusnikov-alebo-opatrovatelov-ludi-s-demenciou-2\/","title":{"rendered":"Podporn\u00e1 skupina pre rodinn\u00fdch pr\u00edslu\u0161n\u00edkov alebo opatrovate\u013eov \u013eud\u00ed s demenciou"},"content":{"rendered":"\n<p>PODPORN\u00c1 TERAPEUTICK\u00c1 SKUPINA<\/p>\n\n\n\n<p>Poz\u00fdvame v\u0161etk\u00fdch, ktor\u00ed sa staraj\u00fa o svojich bl\u00edzkych s akouko\u013evek formou demencie, na spolo\u010dn\u00e9 stretnutie organizovan\u00e9 na\u0161imi psychologi\u010dkami. Stretnutie sa uskuto\u010dn\u00ed d\u0148a 25.03.2025 o 15:00 vo ve\u013ekej zasada\u010dke na 1. poschod\u00ed<\/p>\n\n\n\n<figure class=\"wp-block-image size-large\"><img loading=\"lazy\" decoding=\"async\" width=\"724\" height=\"1024\" src=\"https:\/\/www.nspbr.sk\/web\/wp-content\/uploads\/2026\/03\/fad14792-ff43-48b3-b2f9-396935726169-724x1024.jpg\" alt=\"\" class=\"wp-image-9783\" srcset=\"https:\/\/www.nspbr.sk\/web\/wp-content\/uploads\/2026\/03\/fad14792-ff43-48b3-b2f9-396935726169-724x1024.jpg 724w, https:\/\/www.nspbr.sk\/web\/wp-content\/uploads\/2026\/03\/fad14792-ff43-48b3-b2f9-396935726169-212x300.jpg 212w, https:\/\/www.nspbr.sk\/web\/wp-content\/uploads\/2026\/03\/fad14792-ff43-48b3-b2f9-396935726169-768x1086.jpg 768w, https:\/\/www.nspbr.sk\/web\/wp-content\/uploads\/2026\/03\/fad14792-ff43-48b3-b2f9-396935726169-1086x1536.jpg 1086w, https:\/\/www.nspbr.sk\/web\/wp-content\/uploads\/2026\/03\/fad14792-ff43-48b3-b2f9-396935726169.jpg 1448w\" sizes=\"auto, (max-width: 724px) 100vw, 724px\" \/><\/figure>\n","protected":false},"excerpt":{"rendered":"<p>PODPORN\u00c1 TERAPEUTICK\u00c1 SKUPINA Poz\u00fdvame v\u0161etk\u00fdch, ktor\u00ed sa staraj\u00fa o svojich bl\u00edzkych s akouko\u013evek formou demencie, na spolo\u010dn\u00e9 stretnutie organizovan\u00e9 na\u0161imi psychologi\u010dkami. Stretnutie sa uskuto\u010dn\u00ed d\u0148a 25.03.2025 o 15:00 vo ve\u013ekej zasada\u010dke na 1. poschod\u00ed<\/p>\n","protected":false},"author":2,"featured_media":0,"comment_status":"closed","ping_status":"closed","sticky":false,"template":"","format":"standard","meta":{"_monsterinsights_skip_tracking":false,"_monsterinsights_sitenote_active":false,"_monsterinsights_sitenote_note":"","_monsterinsights_sitenote_category":0,"footnotes":""},"categories":[6],"tags":[],"class_list":["post-9781","post","type-post","status-publish","format-standard","hentry","category-seminare"],"_links":{"self":[{"href":"https:\/\/www.nspbr.sk\/web\/wp-json\/wp\/v2\/posts\/9781","targetHints":{"allow":["GET"]}}],"collection":[{"href":"https:\/\/www.nspbr.sk\/web\/wp-json\/wp\/v2\/posts"}],"about":[{"href":"https:\/\/www.nspbr.sk\/web\/wp-json\/wp\/v2\/types\/post"}],"author":[{"embeddable":true,"href":"https:\/\/www.nspbr.sk\/web\/wp-json\/wp\/v2\/users\/2"}],"replies":[{"embeddable":true,"href":"https:\/\/www.nspbr.sk\/web\/wp-json\/wp\/v2\/comments?post=9781"}],"version-history":[{"count":3,"href":"https:\/\/www.nspbr.sk\/web\/wp-json\/wp\/v2\/posts\/9781\/revisions"}],"predecessor-version":[{"id":9791,"href":"https:\/\/www.nspbr.sk\/web\/wp-json\/wp\/v2\/posts\/9781\/revisions\/9791"}],"wp:attachment":[{"href":"https:\/\/www.nspbr.sk\/web\/wp-json\/wp\/v2\/media?parent=9781"}],"wp:term":[{"taxonomy":"category","embeddable":true,"href":"https:\/\/www.nspbr.sk\/web\/wp-json\/wp\/v2\/categories?post=9781"},{"taxonomy":"post_tag","embeddable":true,"href":"https:\/\/www.nspbr.sk\/web\/wp-json\/wp\/v2\/tags?post=9781"}],"curies":[{"name":"wp","href":"https:\/\/api.w.org\/{rel}","templated":true}]}}